{"id":1397,"date":"2020-03-27T18:33:59","date_gmt":"2020-03-27T18:33:59","guid":{"rendered":"http:\/\/sjcsemaborto.com.br\/catalyst\/?p=1397"},"modified":"2023-03-04T22:32:30","modified_gmt":"2023-03-04T22:32:30","slug":"vamos-mae-eu-quero-salvar-vidas","status":"publish","type":"post","link":"http:\/\/sjcsemaborto.com.br\/index.php\/2020\/03\/27\/vamos-mae-eu-quero-salvar-vidas\/","title":{"rendered":"Vamos m\u00e3e! eu quero salvar vidas!"},"content":{"rendered":"\n<p>Sempre que est\u00e1 chegando o per\u00edodo da campanha n\u00f3s fazemos um trabalho espec\u00edfico com as fam\u00edlias que frequentam as atividades da evangeliza\u00e7\u00e3o infantil para que todos entendam o porqu\u00ea da import\u00e2ncia de cuidarmos dos beb\u00eas ainda n\u00e3o nascidos.<\/p>\n\n\n\n<p>Em uma das primeiras campanhas tivemos um relato que nos deixou bastante felizes por vermos que a sementinha havia brotado no cora\u00e7\u00e3o de uma das nossas crian\u00e7as&#8230;<\/p>\n\n\n\n<p>No dia anterior \u00e0 campanha a m\u00e3e dessa crian\u00e7a foi conversar com o filho para que eles n\u00e3o participassem da campanha, pois a semana havia sido corrida e ela gostaria de descansar, dormir at\u00e9 um pouco mais tarde e, qual n\u00e3o foi a sua surpresa quando o menino, do alto de seus 5 anos fala para a m\u00e3e: &#8220;M\u00e3e, precisamos ir, eu quero salvar vidas&#8221;!<\/p>\n\n\n\n<p>N\u00e3o precisamos dizer a alegria que encheu nossos cora\u00e7\u00f5es ao ouvirmos o relato, percebendo que a sementinha havia sido plantada!<\/p>\n","protected":false},"excerpt":{"rendered":"<p>Sempre que est\u00e1 chegando o per\u00edodo da campanha n\u00f3s fazemos um trabalho espec\u00edfico com as fam\u00edlias que frequentam as atividades da evangeliza\u00e7\u00e3o infantil para que todos entendam o porqu\u00ea da import\u00e2ncia de cuidarmos dos beb\u00eas ainda n\u00e3o nascidos. Em uma das primeiras campanhas tivemos um relato que nos deixou bastante felizes por vermos que a &#8230; <a title=\"Vamos m\u00e3e! eu quero salvar vidas!\" class=\"read-more\" href=\"http:\/\/sjcsemaborto.com.br\/index.php\/2020\/03\/27\/vamos-mae-eu-quero-salvar-vidas\/\" aria-label=\"Read more about Vamos m\u00e3e! eu quero salvar vidas!\">Leia mais&#8230;<\/a><\/p>\n","protected":false},"author":2,"featured_media":1359,"comment_status":"closed","ping_status":"open","sticky":false,"template":"","format":"standard","meta":{"footnotes":""},"categories":[5],"tags":[],"class_list":["post-1397","post","type-post","status-publish","format-standard","has-post-thumbnail","hentry","category-historias"],"_links":{"self":[{"href":"http:\/\/sjcsemaborto.com.br\/index.php\/wp-json\/wp\/v2\/posts\/1397","targetHints":{"allow":["GET"]}}],"collection":[{"href":"http:\/\/sjcsemaborto.com.br\/index.php\/wp-json\/wp\/v2\/posts"}],"about":[{"href":"http:\/\/sjcsemaborto.com.br\/index.php\/wp-json\/wp\/v2\/types\/post"}],"author":[{"embeddable":true,"href":"http:\/\/sjcsemaborto.com.br\/index.php\/wp-json\/wp\/v2\/users\/2"}],"replies":[{"embeddable":true,"href":"http:\/\/sjcsemaborto.com.br\/index.php\/wp-json\/wp\/v2\/comments?post=1397"}],"version-history":[{"count":3,"href":"http:\/\/sjcsemaborto.com.br\/index.php\/wp-json\/wp\/v2\/posts\/1397\/revisions"}],"predecessor-version":[{"id":1483,"href":"http:\/\/sjcsemaborto.com.br\/index.php\/wp-json\/wp\/v2\/posts\/1397\/revisions\/1483"}],"wp:featuredmedia":[{"embeddable":true,"href":"http:\/\/sjcsemaborto.com.br\/index.php\/wp-json\/wp\/v2\/media\/1359"}],"wp:attachment":[{"href":"http:\/\/sjcsemaborto.com.br\/index.php\/wp-json\/wp\/v2\/media?parent=1397"}],"wp:term":[{"taxonomy":"category","embeddable":true,"href":"http:\/\/sjcsemaborto.com.br\/index.php\/wp-json\/wp\/v2\/categories?post=1397"},{"taxonomy":"post_tag","embeddable":true,"href":"http:\/\/sjcsemaborto.com.br\/index.php\/wp-json\/wp\/v2\/tags?post=1397"}],"curies":[{"name":"wp","href":"https:\/\/api.w.org\/{rel}","templated":true}]}}