{"id":1485,"date":"2023-03-04T22:41:19","date_gmt":"2023-03-04T22:41:19","guid":{"rendered":"http:\/\/sjcsemaborto.com.br\/catalyst\/?p=1485"},"modified":"2023-03-04T22:48:20","modified_gmt":"2023-03-04T22:48:20","slug":"meu-filho-esta-vivo-por-causa-da-campanha","status":"publish","type":"post","link":"http:\/\/sjcsemaborto.com.br\/index.php\/2023\/03\/04\/meu-filho-esta-vivo-por-causa-da-campanha\/","title":{"rendered":"Meu filho est\u00e1 vivo por causa da campanha"},"content":{"rendered":"\n<p>Na oitava edi\u00e7\u00e3o da nossa campanha tivemos uma surpresa muito especial&#8230; como sempre fazemos ap\u00f3s a campanha, perguntamos se algu\u00e9m gostaria de contar alguma situa\u00e7\u00e3o que havia vivenciado nas ruas naquele dia.<\/p>\n\n\n\n<p>Um dos participantes nos relatou que encontraram uma m\u00e3e com seu filho e, durante a conversa a m\u00e3e comentou que, no dia da primeira campanha, ela estava decidida a abortar o seu filho mas, quando viu a nossa movimenta\u00e7\u00e3o, os cartazes, faixas e as pessoas conversando sobre o assunto decidiu que iria ter a crian\u00e7a.<\/p>\n\n\n\n<p>Com muita alegria recebemos essa not\u00edcia que, mais uma vez, nos mostra a import\u00e2ncia do trabalho junto \u00e0s pessoas nas ruas das cidades. Muitas vezes assim como algu\u00e9m precisa de um &#8220;empurr\u00e3ozinho&#8221; para ir para o caminho errado, tamb\u00e9m podemos dar um &#8220;empurr\u00e3ozinho&#8221; para o caminho correto!<\/p>\n","protected":false},"excerpt":{"rendered":"<p>Na oitava edi\u00e7\u00e3o da nossa campanha tivemos uma surpresa muito especial&#8230; como sempre fazemos ap\u00f3s a campanha, perguntamos se algu\u00e9m gostaria de contar alguma situa\u00e7\u00e3o que havia vivenciado nas ruas naquele dia. Um dos participantes nos relatou que encontraram uma m\u00e3e com seu filho e, durante a conversa a m\u00e3e comentou que, no dia da &#8230; <a title=\"Meu filho est\u00e1 vivo por causa da campanha\" class=\"read-more\" href=\"http:\/\/sjcsemaborto.com.br\/index.php\/2023\/03\/04\/meu-filho-esta-vivo-por-causa-da-campanha\/\" aria-label=\"Read more about Meu filho est\u00e1 vivo por causa da campanha\">Leia mais&#8230;<\/a><\/p>\n","protected":false},"author":2,"featured_media":1487,"comment_status":"open","ping_status":"open","sticky":false,"template":"","format":"standard","meta":{"footnotes":""},"categories":[5],"tags":[],"class_list":["post-1485","post","type-post","status-publish","format-standard","has-post-thumbnail","hentry","category-historias","resize-featured-image"],"_links":{"self":[{"href":"http:\/\/sjcsemaborto.com.br\/index.php\/wp-json\/wp\/v2\/posts\/1485","targetHints":{"allow":["GET"]}}],"collection":[{"href":"http:\/\/sjcsemaborto.com.br\/index.php\/wp-json\/wp\/v2\/posts"}],"about":[{"href":"http:\/\/sjcsemaborto.com.br\/index.php\/wp-json\/wp\/v2\/types\/post"}],"author":[{"embeddable":true,"href":"http:\/\/sjcsemaborto.com.br\/index.php\/wp-json\/wp\/v2\/users\/2"}],"replies":[{"embeddable":true,"href":"http:\/\/sjcsemaborto.com.br\/index.php\/wp-json\/wp\/v2\/comments?post=1485"}],"version-history":[{"count":1,"href":"http:\/\/sjcsemaborto.com.br\/index.php\/wp-json\/wp\/v2\/posts\/1485\/revisions"}],"predecessor-version":[{"id":1486,"href":"http:\/\/sjcsemaborto.com.br\/index.php\/wp-json\/wp\/v2\/posts\/1485\/revisions\/1486"}],"wp:featuredmedia":[{"embeddable":true,"href":"http:\/\/sjcsemaborto.com.br\/index.php\/wp-json\/wp\/v2\/media\/1487"}],"wp:attachment":[{"href":"http:\/\/sjcsemaborto.com.br\/index.php\/wp-json\/wp\/v2\/media?parent=1485"}],"wp:term":[{"taxonomy":"category","embeddable":true,"href":"http:\/\/sjcsemaborto.com.br\/index.php\/wp-json\/wp\/v2\/categories?post=1485"},{"taxonomy":"post_tag","embeddable":true,"href":"http:\/\/sjcsemaborto.com.br\/index.php\/wp-json\/wp\/v2\/tags?post=1485"}],"curies":[{"name":"wp","href":"https:\/\/api.w.org\/{rel}","templated":true}]}}